{"id":266,"date":"2021-04-06T14:24:13","date_gmt":"2021-04-06T14:24:13","guid":{"rendered":"http:\/\/coelner-zimmer.rehfeld-art-projects.de\/?p=266"},"modified":"2021-04-06T15:35:53","modified_gmt":"2021-04-06T15:35:53","slug":"publikation-01","status":"publish","type":"post","link":"https:\/\/coelner-zimmer.de\/en\/publikation-01\/","title":{"rendered":"Publikation 01 Headline"},"content":{"rendered":"<p><strong><img fetchpriority=\"high\" decoding=\"async\" class=\"alignnone wp-image-158\" src=\"https:\/\/coelner-zimmer.de\/wp-content\/uploads\/2021\/04\/Felix-Dobbert_LUKE-300x182.jpg\" alt=\"\" width=\"2344\" height=\"1422\" srcset=\"https:\/\/coelner-zimmer.de\/wp-content\/uploads\/2021\/04\/Felix-Dobbert_LUKE-300x182.jpg 300w, https:\/\/coelner-zimmer.de\/wp-content\/uploads\/2021\/04\/Felix-Dobbert_LUKE-1024x621.jpg 1024w, https:\/\/coelner-zimmer.de\/wp-content\/uploads\/2021\/04\/Felix-Dobbert_LUKE-768x466.jpg 768w, https:\/\/coelner-zimmer.de\/wp-content\/uploads\/2021\/04\/Felix-Dobbert_LUKE-1536x932.jpg 1536w, https:\/\/coelner-zimmer.de\/wp-content\/uploads\/2021\/04\/Felix-Dobbert_LUKE-scaled.jpg 2048w\" sizes=\"(max-width: 2344px) 100vw, 2344px\" \/><\/strong><\/p>\n<p>Text Beschreibender Text Icidit volore dolorest audi vel magnihi taeperf ersperi tamusto dit aut opta doluptio vel es nonseni am fuga. Pudita nulluptate exerchi lligeni magnam issima venda sitium vidigni millis pro venes et expellecto delici alitistiur as siminusa verum core simolup taquunt omnis aut aut optatetur simi, culland iaspere ctassi to tetur, culpa duciumqui te eium es simus.<\/p>\n<p><strong>Autor:<\/strong> Marion Eisele , Lilian Schnellmann<br \/>\n2017<br \/>\n250 Seiten<br \/>\nISBN: 9783-945498-18-7<br \/>\n35 Euro<\/p>\n<p><a href=\"mailto:info&#64;coelner-zimm&#101;&#114;&#46;&#100;&#101;\" target=\"_blank\" rel=\"noopener\">&gt; bestellen<\/a><\/p>","protected":false},"excerpt":{"rendered":"<p>Text Beschreibender Text Icidit volore dolorest audi vel magnihi taeperf ersperi tamusto dit aut opta doluptio vel es nonseni am fuga. Pudita nulluptate exerchi lligeni magnam issima venda sitium vidigni millis pro venes et expellecto delici alitistiur as siminusa verum core simolup taquunt omnis aut aut optatetur simi, culland iaspere ctassi to tetur, culpa duciumqui [&hellip;]<\/p>\n","protected":false},"author":5,"featured_media":94,"comment_status":"open","ping_status":"open","sticky":false,"template":"","format":"standard","meta":{"footnotes":""},"categories":[12],"tags":[],"class_list":["post-266","post","type-post","status-publish","format-standard","has-post-thumbnail","hentry","category-publications"],"yoast_head":"<!-- This site is optimized with the Yoast SEO plugin v26.9 - https:\/\/yoast.com\/product\/yoast-seo-wordpress\/ -->\n<title>Publikation 01 Headline | coelner zimmer<\/title>\n<meta name=\"description\" content=\"Kunstgalerie f\u00fcr Zeitgen\u00f6ssische Kunst in D\u00fcsseldorf\" \/>\n<meta name=\"robots\" content=\"index, follow, max-snippet:-1, max-image-preview:large, max-video-preview:-1\" \/>\n<link rel=\"canonical\" href=\"https:\/\/coelner-zimmer.de\/en\/publikation-01\/\" \/>\n<meta property=\"og:locale\" content=\"en_US\" \/>\n<meta property=\"og:type\" content=\"article\" \/>\n<meta property=\"og:title\" content=\"Publikation 01 Headline | coelner zimmer\" \/>\n<meta property=\"og:description\" content=\"Kunstgalerie f\u00fcr Zeitgen\u00f6ssische Kunst in D\u00fcsseldorf\" \/>\n<meta property=\"og:url\" content=\"https:\/\/coelner-zimmer.de\/en\/publikation-01\/\" \/>\n<meta property=\"og:site_name\" content=\"coelner zimmer\" \/>\n<meta property=\"article:publisher\" content=\"https:\/\/www.facebook.com\/coelner.zimmer\" \/>\n<meta property=\"article:published_time\" content=\"2021-04-06T14:24:13+00:00\" \/>\n<meta property=\"article:modified_time\" content=\"2021-04-06T15:35:53+00:00\" \/>\n<meta property=\"og:image\" content=\"https:\/\/coelner-zimmer.de\/wp-content\/uploads\/2021\/04\/Felix-Dobbert_MX1000x500.jpg\" \/>\n\t<meta property=\"og:image:width\" content=\"1000\" \/>\n\t<meta property=\"og:image:height\" content=\"500\" \/>\n\t<meta property=\"og:image:type\" content=\"image\/jpeg\" \/>\n<meta name=\"author\" content=\"RainerRehfeld\" \/>\n<meta name=\"twitter:card\" content=\"summary_large_image\" \/>\n<meta name=\"twitter:label1\" content=\"Written by\" \/>\n\t<meta name=\"twitter:data1\" content=\"RainerRehfeld\" \/>\n<script type=\"application\/ld+json\" class=\"yoast-schema-graph\">{\"@context\":\"https:\/\/schema.org\",\"@graph\":[{\"@type\":\"Article\",\"@id\":\"https:\/\/coelner-zimmer.de\/publikation-01\/#article\",\"isPartOf\":{\"@id\":\"https:\/\/coelner-zimmer.de\/publikation-01\/\"},\"author\":{\"name\":\"RainerRehfeld\",\"@id\":\"https:\/\/coelner-zimmer.de\/#\/schema\/person\/35b352cb0ab6823f2be6a101caf53114\"},\"headline\":\"Publikation 01 Headline\",\"datePublished\":\"2021-04-06T14:24:13+00:00\",\"dateModified\":\"2021-04-06T15:35:53+00:00\",\"mainEntityOfPage\":{\"@id\":\"https:\/\/coelner-zimmer.de\/publikation-01\/\"},\"wordCount\":74,\"commentCount\":0,\"publisher\":{\"@id\":\"https:\/\/coelner-zimmer.de\/#organization\"},\"image\":{\"@id\":\"https:\/\/coelner-zimmer.de\/publikation-01\/#primaryimage\"},\"thumbnailUrl\":\"https:\/\/coelner-zimmer.de\/wp-content\/uploads\/2021\/04\/Felix-Dobbert_MX1000x500.jpg\",\"articleSection\":[\"publications\"],\"inLanguage\":\"en-US\",\"potentialAction\":[{\"@type\":\"CommentAction\",\"name\":\"Comment\",\"target\":[\"https:\/\/coelner-zimmer.de\/publikation-01\/#respond\"]}]},{\"@type\":\"WebPage\",\"@id\":\"https:\/\/coelner-zimmer.de\/publikation-01\/\",\"url\":\"https:\/\/coelner-zimmer.de\/publikation-01\/\",\"name\":\"Publikation 01 Headline | coelner zimmer\",\"isPartOf\":{\"@id\":\"https:\/\/coelner-zimmer.de\/#website\"},\"primaryImageOfPage\":{\"@id\":\"https:\/\/coelner-zimmer.de\/publikation-01\/#primaryimage\"},\"image\":{\"@id\":\"https:\/\/coelner-zimmer.de\/publikation-01\/#primaryimage\"},\"thumbnailUrl\":\"https:\/\/coelner-zimmer.de\/wp-content\/uploads\/2021\/04\/Felix-Dobbert_MX1000x500.jpg\",\"datePublished\":\"2021-04-06T14:24:13+00:00\",\"dateModified\":\"2021-04-06T15:35:53+00:00\",\"description\":\"Kunstgalerie f\u00fcr Zeitgen\u00f6ssische Kunst in D\u00fcsseldorf\",\"breadcrumb\":{\"@id\":\"https:\/\/coelner-zimmer.de\/publikation-01\/#breadcrumb\"},\"inLanguage\":\"en-US\",\"potentialAction\":[{\"@type\":\"ReadAction\",\"target\":[\"https:\/\/coelner-zimmer.de\/publikation-01\/\"]}]},{\"@type\":\"ImageObject\",\"inLanguage\":\"en-US\",\"@id\":\"https:\/\/coelner-zimmer.de\/publikation-01\/#primaryimage\",\"url\":\"https:\/\/coelner-zimmer.de\/wp-content\/uploads\/2021\/04\/Felix-Dobbert_MX1000x500.jpg\",\"contentUrl\":\"https:\/\/coelner-zimmer.de\/wp-content\/uploads\/2021\/04\/Felix-Dobbert_MX1000x500.jpg\",\"width\":1000,\"height\":500},{\"@type\":\"BreadcrumbList\",\"@id\":\"https:\/\/coelner-zimmer.de\/publikation-01\/#breadcrumb\",\"itemListElement\":[{\"@type\":\"ListItem\",\"position\":1,\"name\":\"Startseite\",\"item\":\"https:\/\/coelner-zimmer.de\/\"},{\"@type\":\"ListItem\",\"position\":2,\"name\":\"Publikation 01 Headline\"}]},{\"@type\":\"WebSite\",\"@id\":\"https:\/\/coelner-zimmer.de\/#website\",\"url\":\"https:\/\/coelner-zimmer.de\/\",\"name\":\"coelner zimmer\",\"description\":\"shows &amp; exhibitions\",\"publisher\":{\"@id\":\"https:\/\/coelner-zimmer.de\/#organization\"},\"potentialAction\":[{\"@type\":\"SearchAction\",\"target\":{\"@type\":\"EntryPoint\",\"urlTemplate\":\"https:\/\/coelner-zimmer.de\/?s={search_term_string}\"},\"query-input\":{\"@type\":\"PropertyValueSpecification\",\"valueRequired\":true,\"valueName\":\"search_term_string\"}}],\"inLanguage\":\"en-US\"},{\"@type\":\"Organization\",\"@id\":\"https:\/\/coelner-zimmer.de\/#organization\",\"name\":\"Coelner Zimmer\",\"url\":\"https:\/\/coelner-zimmer.de\/\",\"logo\":{\"@type\":\"ImageObject\",\"inLanguage\":\"en-US\",\"@id\":\"https:\/\/coelner-zimmer.de\/#\/schema\/logo\/image\/\",\"url\":\"https:\/\/coelner-zimmer.de\/wp-content\/uploads\/2021\/05\/Coelner-Zimmer_logo.png\",\"contentUrl\":\"https:\/\/coelner-zimmer.de\/wp-content\/uploads\/2021\/05\/Coelner-Zimmer_logo.png\",\"width\":1000,\"height\":98,\"caption\":\"Coelner Zimmer\"},\"image\":{\"@id\":\"https:\/\/coelner-zimmer.de\/#\/schema\/logo\/image\/\"},\"sameAs\":[\"https:\/\/www.facebook.com\/coelner.zimmer\",\"https:\/\/www.instagram.com\/coelner_zimmer\/\"]},{\"@type\":\"Person\",\"@id\":\"https:\/\/coelner-zimmer.de\/#\/schema\/person\/35b352cb0ab6823f2be6a101caf53114\",\"name\":\"RainerRehfeld\",\"url\":\"https:\/\/coelner-zimmer.de\/en\/author\/rainerrehfeld\/\"}]}<\/script>\n<!-- \/ Yoast SEO plugin. -->","yoast_head_json":{"title":"Publikation 01 Headline | coelner zimmer","description":"Kunstgalerie f\u00fcr Zeitgen\u00f6ssische Kunst in D\u00fcsseldorf","robots":{"index":"index","follow":"follow","max-snippet":"max-snippet:-1","max-image-preview":"max-image-preview:large","max-video-preview":"max-video-preview:-1"},"canonical":"https:\/\/coelner-zimmer.de\/en\/publikation-01\/","og_locale":"en_US","og_type":"article","og_title":"Publikation 01 Headline | coelner zimmer","og_description":"Kunstgalerie f\u00fcr Zeitgen\u00f6ssische Kunst in D\u00fcsseldorf","og_url":"https:\/\/coelner-zimmer.de\/en\/publikation-01\/","og_site_name":"coelner zimmer","article_publisher":"https:\/\/www.facebook.com\/coelner.zimmer","article_published_time":"2021-04-06T14:24:13+00:00","article_modified_time":"2021-04-06T15:35:53+00:00","og_image":[{"width":1000,"height":500,"url":"https:\/\/coelner-zimmer.de\/wp-content\/uploads\/2021\/04\/Felix-Dobbert_MX1000x500.jpg","type":"image\/jpeg"}],"author":"RainerRehfeld","twitter_card":"summary_large_image","twitter_misc":{"Written by":"RainerRehfeld"},"schema":{"@context":"https:\/\/schema.org","@graph":[{"@type":"Article","@id":"https:\/\/coelner-zimmer.de\/publikation-01\/#article","isPartOf":{"@id":"https:\/\/coelner-zimmer.de\/publikation-01\/"},"author":{"name":"RainerRehfeld","@id":"https:\/\/coelner-zimmer.de\/#\/schema\/person\/35b352cb0ab6823f2be6a101caf53114"},"headline":"Publikation 01 Headline","datePublished":"2021-04-06T14:24:13+00:00","dateModified":"2021-04-06T15:35:53+00:00","mainEntityOfPage":{"@id":"https:\/\/coelner-zimmer.de\/publikation-01\/"},"wordCount":74,"commentCount":0,"publisher":{"@id":"https:\/\/coelner-zimmer.de\/#organization"},"image":{"@id":"https:\/\/coelner-zimmer.de\/publikation-01\/#primaryimage"},"thumbnailUrl":"https:\/\/coelner-zimmer.de\/wp-content\/uploads\/2021\/04\/Felix-Dobbert_MX1000x500.jpg","articleSection":["publications"],"inLanguage":"en-US","potentialAction":[{"@type":"CommentAction","name":"Comment","target":["https:\/\/coelner-zimmer.de\/publikation-01\/#respond"]}]},{"@type":"WebPage","@id":"https:\/\/coelner-zimmer.de\/publikation-01\/","url":"https:\/\/coelner-zimmer.de\/publikation-01\/","name":"Publikation 01 Headline | coelner zimmer","isPartOf":{"@id":"https:\/\/coelner-zimmer.de\/#website"},"primaryImageOfPage":{"@id":"https:\/\/coelner-zimmer.de\/publikation-01\/#primaryimage"},"image":{"@id":"https:\/\/coelner-zimmer.de\/publikation-01\/#primaryimage"},"thumbnailUrl":"https:\/\/coelner-zimmer.de\/wp-content\/uploads\/2021\/04\/Felix-Dobbert_MX1000x500.jpg","datePublished":"2021-04-06T14:24:13+00:00","dateModified":"2021-04-06T15:35:53+00:00","description":"Kunstgalerie f\u00fcr Zeitgen\u00f6ssische Kunst in D\u00fcsseldorf","breadcrumb":{"@id":"https:\/\/coelner-zimmer.de\/publikation-01\/#breadcrumb"},"inLanguage":"en-US","potentialAction":[{"@type":"ReadAction","target":["https:\/\/coelner-zimmer.de\/publikation-01\/"]}]},{"@type":"ImageObject","inLanguage":"en-US","@id":"https:\/\/coelner-zimmer.de\/publikation-01\/#primaryimage","url":"https:\/\/coelner-zimmer.de\/wp-content\/uploads\/2021\/04\/Felix-Dobbert_MX1000x500.jpg","contentUrl":"https:\/\/coelner-zimmer.de\/wp-content\/uploads\/2021\/04\/Felix-Dobbert_MX1000x500.jpg","width":1000,"height":500},{"@type":"BreadcrumbList","@id":"https:\/\/coelner-zimmer.de\/publikation-01\/#breadcrumb","itemListElement":[{"@type":"ListItem","position":1,"name":"Startseite","item":"https:\/\/coelner-zimmer.de\/"},{"@type":"ListItem","position":2,"name":"Publikation 01 Headline"}]},{"@type":"WebSite","@id":"https:\/\/coelner-zimmer.de\/#website","url":"https:\/\/coelner-zimmer.de\/","name":"coelner zimmer","description":"shows &amp; exhibitions","publisher":{"@id":"https:\/\/coelner-zimmer.de\/#organization"},"potentialAction":[{"@type":"SearchAction","target":{"@type":"EntryPoint","urlTemplate":"https:\/\/coelner-zimmer.de\/?s={search_term_string}"},"query-input":{"@type":"PropertyValueSpecification","valueRequired":true,"valueName":"search_term_string"}}],"inLanguage":"en-US"},{"@type":"Organization","@id":"https:\/\/coelner-zimmer.de\/#organization","name":"Coelner Zimmer","url":"https:\/\/coelner-zimmer.de\/","logo":{"@type":"ImageObject","inLanguage":"en-US","@id":"https:\/\/coelner-zimmer.de\/#\/schema\/logo\/image\/","url":"https:\/\/coelner-zimmer.de\/wp-content\/uploads\/2021\/05\/Coelner-Zimmer_logo.png","contentUrl":"https:\/\/coelner-zimmer.de\/wp-content\/uploads\/2021\/05\/Coelner-Zimmer_logo.png","width":1000,"height":98,"caption":"Coelner Zimmer"},"image":{"@id":"https:\/\/coelner-zimmer.de\/#\/schema\/logo\/image\/"},"sameAs":["https:\/\/www.facebook.com\/coelner.zimmer","https:\/\/www.instagram.com\/coelner_zimmer\/"]},{"@type":"Person","@id":"https:\/\/coelner-zimmer.de\/#\/schema\/person\/35b352cb0ab6823f2be6a101caf53114","name":"RainerRehfeld","url":"https:\/\/coelner-zimmer.de\/en\/author\/rainerrehfeld\/"}]}},"_links":{"self":[{"href":"https:\/\/coelner-zimmer.de\/en\/wp-json\/wp\/v2\/posts\/266","targetHints":{"allow":["GET"]}}],"collection":[{"href":"https:\/\/coelner-zimmer.de\/en\/wp-json\/wp\/v2\/posts"}],"about":[{"href":"https:\/\/coelner-zimmer.de\/en\/wp-json\/wp\/v2\/types\/post"}],"author":[{"embeddable":true,"href":"https:\/\/coelner-zimmer.de\/en\/wp-json\/wp\/v2\/users\/5"}],"replies":[{"embeddable":true,"href":"https:\/\/coelner-zimmer.de\/en\/wp-json\/wp\/v2\/comments?post=266"}],"version-history":[{"count":4,"href":"https:\/\/coelner-zimmer.de\/en\/wp-json\/wp\/v2\/posts\/266\/revisions"}],"predecessor-version":[{"id":391,"href":"https:\/\/coelner-zimmer.de\/en\/wp-json\/wp\/v2\/posts\/266\/revisions\/391"}],"wp:featuredmedia":[{"embeddable":true,"href":"https:\/\/coelner-zimmer.de\/en\/wp-json\/wp\/v2\/media\/94"}],"wp:attachment":[{"href":"https:\/\/coelner-zimmer.de\/en\/wp-json\/wp\/v2\/media?parent=266"}],"wp:term":[{"taxonomy":"category","embeddable":true,"href":"https:\/\/coelner-zimmer.de\/en\/wp-json\/wp\/v2\/categories?post=266"},{"taxonomy":"post_tag","embeddable":true,"href":"https:\/\/coelner-zimmer.de\/en\/wp-json\/wp\/v2\/tags?post=266"}],"curies":[{"name":"wp","href":"https:\/\/api.w.org\/{rel}","templated":true}]}}