{"id":1658,"date":"2022-07-22T12:45:52","date_gmt":"2022-07-22T12:45:52","guid":{"rendered":"https:\/\/coelner-zimmer.de\/?p=1658"},"modified":"2023-02-23T14:23:51","modified_gmt":"2023-02-23T14:23:51","slug":"fotografie-malerei-und-grafiken","status":"publish","type":"post","link":"https:\/\/coelner-zimmer.de\/en\/fotografie-malerei-und-grafiken\/","title":{"rendered":"PHOTOGRAPHY, PAINTINGS AND PRINTS"},"content":{"rendered":"<h3 class=\"elementor-post__title\">PHOTOGRAPHY, PAINTINGS AND PRINTS<\/h3>\n<p>Currently on display: works by Philipp Hennevogel, Erika Schumacher, Thorben Eggers, Ted Green, Bernhard Langerock and Verena Landau.<\/p>\n<p>Opening hours. Thurs.-Fri. 2-7p.m | Sat. 2-6p.m<\/p>\n<p>The exhibition runs until 23.07.2022<\/p>","protected":false},"excerpt":{"rendered":"<p>Fotografie, Malerei und Grafiken Aktuell zeigen wir Arbeiten von Philipp Hennevogl, Erika Anna Schumacher, Thorben Eggers, Ted Green, Christine Erhard, Verena Landau, Freya Hattenberger und Cosima Hawemann \u00d6ffnungszeiten: Do.\u2013\u2009Fr. 14\u2009\u201319\u2009h | Sa. 14\u2009\u201318\u2009h Die Ausstellung geht bis zum 23.07.2022<\/p>","protected":false},"author":5,"featured_media":0,"comment_status":"closed","ping_status":"closed","sticky":false,"template":"","format":"standard","meta":{"footnotes":""},"categories":[1],"tags":[],"class_list":["post-1658","post","type-post","status-publish","format-standard","hentry","category-uncategorized"],"yoast_head":"<!-- This site is optimized with the Yoast SEO plugin v26.9 - https:\/\/yoast.com\/product\/yoast-seo-wordpress\/ -->\n<title>Fotografie, Malerei und Grafiken | coelner zimmer<\/title>\n<meta name=\"description\" content=\"Kunstgalerie f\u00fcr Zeitgen\u00f6ssische Kunst in D\u00fcsseldorf\" \/>\n<meta name=\"robots\" content=\"index, follow, max-snippet:-1, max-image-preview:large, max-video-preview:-1\" \/>\n<link rel=\"canonical\" href=\"https:\/\/coelner-zimmer.de\/en\/fotografie-malerei-und-grafiken\/\" \/>\n<meta property=\"og:locale\" content=\"en_US\" \/>\n<meta property=\"og:type\" content=\"article\" \/>\n<meta property=\"og:title\" content=\"Fotografie, Malerei und Grafiken | coelner zimmer\" \/>\n<meta property=\"og:description\" content=\"Kunstgalerie f\u00fcr Zeitgen\u00f6ssische Kunst in D\u00fcsseldorf\" \/>\n<meta property=\"og:url\" content=\"https:\/\/coelner-zimmer.de\/en\/fotografie-malerei-und-grafiken\/\" \/>\n<meta property=\"og:site_name\" content=\"coelner zimmer\" \/>\n<meta property=\"article:publisher\" content=\"https:\/\/www.facebook.com\/coelner.zimmer\" \/>\n<meta property=\"article:published_time\" content=\"2022-07-22T12:45:52+00:00\" \/>\n<meta property=\"article:modified_time\" content=\"2023-02-23T14:23:51+00:00\" \/>\n<meta name=\"author\" content=\"RainerRehfeld\" \/>\n<meta name=\"twitter:card\" content=\"summary_large_image\" \/>\n<meta name=\"twitter:label1\" content=\"Written by\" \/>\n\t<meta name=\"twitter:data1\" content=\"RainerRehfeld\" \/>\n\t<meta name=\"twitter:label2\" content=\"Est. reading time\" \/>\n\t<meta name=\"twitter:data2\" content=\"1 minute\" \/>\n<script type=\"application\/ld+json\" class=\"yoast-schema-graph\">{\"@context\":\"https:\/\/schema.org\",\"@graph\":[{\"@type\":\"Article\",\"@id\":\"https:\/\/coelner-zimmer.de\/fotografie-malerei-und-grafiken\/#article\",\"isPartOf\":{\"@id\":\"https:\/\/coelner-zimmer.de\/fotografie-malerei-und-grafiken\/\"},\"author\":{\"name\":\"RainerRehfeld\",\"@id\":\"https:\/\/coelner-zimmer.de\/#\/schema\/person\/35b352cb0ab6823f2be6a101caf53114\"},\"headline\":\"Fotografie, Malerei und Grafiken\",\"datePublished\":\"2022-07-22T12:45:52+00:00\",\"dateModified\":\"2023-02-23T14:23:51+00:00\",\"mainEntityOfPage\":{\"@id\":\"https:\/\/coelner-zimmer.de\/fotografie-malerei-und-grafiken\/\"},\"wordCount\":42,\"publisher\":{\"@id\":\"https:\/\/coelner-zimmer.de\/#organization\"},\"inLanguage\":\"en-US\"},{\"@type\":\"WebPage\",\"@id\":\"https:\/\/coelner-zimmer.de\/fotografie-malerei-und-grafiken\/\",\"url\":\"https:\/\/coelner-zimmer.de\/fotografie-malerei-und-grafiken\/\",\"name\":\"Fotografie, Malerei und Grafiken | coelner zimmer\",\"isPartOf\":{\"@id\":\"https:\/\/coelner-zimmer.de\/#website\"},\"datePublished\":\"2022-07-22T12:45:52+00:00\",\"dateModified\":\"2023-02-23T14:23:51+00:00\",\"description\":\"Kunstgalerie f\u00fcr Zeitgen\u00f6ssische Kunst in D\u00fcsseldorf\",\"breadcrumb\":{\"@id\":\"https:\/\/coelner-zimmer.de\/fotografie-malerei-und-grafiken\/#breadcrumb\"},\"inLanguage\":\"en-US\",\"potentialAction\":[{\"@type\":\"ReadAction\",\"target\":[\"https:\/\/coelner-zimmer.de\/fotografie-malerei-und-grafiken\/\"]}]},{\"@type\":\"BreadcrumbList\",\"@id\":\"https:\/\/coelner-zimmer.de\/fotografie-malerei-und-grafiken\/#breadcrumb\",\"itemListElement\":[{\"@type\":\"ListItem\",\"position\":1,\"name\":\"Startseite\",\"item\":\"https:\/\/coelner-zimmer.de\/\"},{\"@type\":\"ListItem\",\"position\":2,\"name\":\"Fotografie, Malerei und Grafiken\"}]},{\"@type\":\"WebSite\",\"@id\":\"https:\/\/coelner-zimmer.de\/#website\",\"url\":\"https:\/\/coelner-zimmer.de\/\",\"name\":\"coelner zimmer\",\"description\":\"shows &amp; exhibitions\",\"publisher\":{\"@id\":\"https:\/\/coelner-zimmer.de\/#organization\"},\"potentialAction\":[{\"@type\":\"SearchAction\",\"target\":{\"@type\":\"EntryPoint\",\"urlTemplate\":\"https:\/\/coelner-zimmer.de\/?s={search_term_string}\"},\"query-input\":{\"@type\":\"PropertyValueSpecification\",\"valueRequired\":true,\"valueName\":\"search_term_string\"}}],\"inLanguage\":\"en-US\"},{\"@type\":\"Organization\",\"@id\":\"https:\/\/coelner-zimmer.de\/#organization\",\"name\":\"Coelner Zimmer\",\"url\":\"https:\/\/coelner-zimmer.de\/\",\"logo\":{\"@type\":\"ImageObject\",\"inLanguage\":\"en-US\",\"@id\":\"https:\/\/coelner-zimmer.de\/#\/schema\/logo\/image\/\",\"url\":\"https:\/\/coelner-zimmer.de\/wp-content\/uploads\/2021\/05\/Coelner-Zimmer_logo.png\",\"contentUrl\":\"https:\/\/coelner-zimmer.de\/wp-content\/uploads\/2021\/05\/Coelner-Zimmer_logo.png\",\"width\":1000,\"height\":98,\"caption\":\"Coelner Zimmer\"},\"image\":{\"@id\":\"https:\/\/coelner-zimmer.de\/#\/schema\/logo\/image\/\"},\"sameAs\":[\"https:\/\/www.facebook.com\/coelner.zimmer\",\"https:\/\/www.instagram.com\/coelner_zimmer\/\"]},{\"@type\":\"Person\",\"@id\":\"https:\/\/coelner-zimmer.de\/#\/schema\/person\/35b352cb0ab6823f2be6a101caf53114\",\"name\":\"RainerRehfeld\",\"url\":\"https:\/\/coelner-zimmer.de\/en\/author\/rainerrehfeld\/\"}]}<\/script>\n<!-- \/ Yoast SEO plugin. -->","yoast_head_json":{"title":"Fotografie, Malerei und Grafiken | coelner zimmer","description":"Kunstgalerie f\u00fcr Zeitgen\u00f6ssische Kunst in D\u00fcsseldorf","robots":{"index":"index","follow":"follow","max-snippet":"max-snippet:-1","max-image-preview":"max-image-preview:large","max-video-preview":"max-video-preview:-1"},"canonical":"https:\/\/coelner-zimmer.de\/en\/fotografie-malerei-und-grafiken\/","og_locale":"en_US","og_type":"article","og_title":"Fotografie, Malerei und Grafiken | coelner zimmer","og_description":"Kunstgalerie f\u00fcr Zeitgen\u00f6ssische Kunst in D\u00fcsseldorf","og_url":"https:\/\/coelner-zimmer.de\/en\/fotografie-malerei-und-grafiken\/","og_site_name":"coelner zimmer","article_publisher":"https:\/\/www.facebook.com\/coelner.zimmer","article_published_time":"2022-07-22T12:45:52+00:00","article_modified_time":"2023-02-23T14:23:51+00:00","author":"RainerRehfeld","twitter_card":"summary_large_image","twitter_misc":{"Written by":"RainerRehfeld","Est. reading time":"1 minute"},"schema":{"@context":"https:\/\/schema.org","@graph":[{"@type":"Article","@id":"https:\/\/coelner-zimmer.de\/fotografie-malerei-und-grafiken\/#article","isPartOf":{"@id":"https:\/\/coelner-zimmer.de\/fotografie-malerei-und-grafiken\/"},"author":{"name":"RainerRehfeld","@id":"https:\/\/coelner-zimmer.de\/#\/schema\/person\/35b352cb0ab6823f2be6a101caf53114"},"headline":"Fotografie, Malerei und Grafiken","datePublished":"2022-07-22T12:45:52+00:00","dateModified":"2023-02-23T14:23:51+00:00","mainEntityOfPage":{"@id":"https:\/\/coelner-zimmer.de\/fotografie-malerei-und-grafiken\/"},"wordCount":42,"publisher":{"@id":"https:\/\/coelner-zimmer.de\/#organization"},"inLanguage":"en-US"},{"@type":"WebPage","@id":"https:\/\/coelner-zimmer.de\/fotografie-malerei-und-grafiken\/","url":"https:\/\/coelner-zimmer.de\/fotografie-malerei-und-grafiken\/","name":"Fotografie, Malerei und Grafiken | coelner zimmer","isPartOf":{"@id":"https:\/\/coelner-zimmer.de\/#website"},"datePublished":"2022-07-22T12:45:52+00:00","dateModified":"2023-02-23T14:23:51+00:00","description":"Kunstgalerie f\u00fcr Zeitgen\u00f6ssische Kunst in D\u00fcsseldorf","breadcrumb":{"@id":"https:\/\/coelner-zimmer.de\/fotografie-malerei-und-grafiken\/#breadcrumb"},"inLanguage":"en-US","potentialAction":[{"@type":"ReadAction","target":["https:\/\/coelner-zimmer.de\/fotografie-malerei-und-grafiken\/"]}]},{"@type":"BreadcrumbList","@id":"https:\/\/coelner-zimmer.de\/fotografie-malerei-und-grafiken\/#breadcrumb","itemListElement":[{"@type":"ListItem","position":1,"name":"Startseite","item":"https:\/\/coelner-zimmer.de\/"},{"@type":"ListItem","position":2,"name":"Fotografie, Malerei und Grafiken"}]},{"@type":"WebSite","@id":"https:\/\/coelner-zimmer.de\/#website","url":"https:\/\/coelner-zimmer.de\/","name":"coelner zimmer","description":"shows &amp; exhibitions","publisher":{"@id":"https:\/\/coelner-zimmer.de\/#organization"},"potentialAction":[{"@type":"SearchAction","target":{"@type":"EntryPoint","urlTemplate":"https:\/\/coelner-zimmer.de\/?s={search_term_string}"},"query-input":{"@type":"PropertyValueSpecification","valueRequired":true,"valueName":"search_term_string"}}],"inLanguage":"en-US"},{"@type":"Organization","@id":"https:\/\/coelner-zimmer.de\/#organization","name":"Coelner Zimmer","url":"https:\/\/coelner-zimmer.de\/","logo":{"@type":"ImageObject","inLanguage":"en-US","@id":"https:\/\/coelner-zimmer.de\/#\/schema\/logo\/image\/","url":"https:\/\/coelner-zimmer.de\/wp-content\/uploads\/2021\/05\/Coelner-Zimmer_logo.png","contentUrl":"https:\/\/coelner-zimmer.de\/wp-content\/uploads\/2021\/05\/Coelner-Zimmer_logo.png","width":1000,"height":98,"caption":"Coelner Zimmer"},"image":{"@id":"https:\/\/coelner-zimmer.de\/#\/schema\/logo\/image\/"},"sameAs":["https:\/\/www.facebook.com\/coelner.zimmer","https:\/\/www.instagram.com\/coelner_zimmer\/"]},{"@type":"Person","@id":"https:\/\/coelner-zimmer.de\/#\/schema\/person\/35b352cb0ab6823f2be6a101caf53114","name":"RainerRehfeld","url":"https:\/\/coelner-zimmer.de\/en\/author\/rainerrehfeld\/"}]}},"_links":{"self":[{"href":"https:\/\/coelner-zimmer.de\/en\/wp-json\/wp\/v2\/posts\/1658","targetHints":{"allow":["GET"]}}],"collection":[{"href":"https:\/\/coelner-zimmer.de\/en\/wp-json\/wp\/v2\/posts"}],"about":[{"href":"https:\/\/coelner-zimmer.de\/en\/wp-json\/wp\/v2\/types\/post"}],"author":[{"embeddable":true,"href":"https:\/\/coelner-zimmer.de\/en\/wp-json\/wp\/v2\/users\/5"}],"replies":[{"embeddable":true,"href":"https:\/\/coelner-zimmer.de\/en\/wp-json\/wp\/v2\/comments?post=1658"}],"version-history":[{"count":3,"href":"https:\/\/coelner-zimmer.de\/en\/wp-json\/wp\/v2\/posts\/1658\/revisions"}],"predecessor-version":[{"id":1676,"href":"https:\/\/coelner-zimmer.de\/en\/wp-json\/wp\/v2\/posts\/1658\/revisions\/1676"}],"wp:attachment":[{"href":"https:\/\/coelner-zimmer.de\/en\/wp-json\/wp\/v2\/media?parent=1658"}],"wp:term":[{"taxonomy":"category","embeddable":true,"href":"https:\/\/coelner-zimmer.de\/en\/wp-json\/wp\/v2\/categories?post=1658"},{"taxonomy":"post_tag","embeddable":true,"href":"https:\/\/coelner-zimmer.de\/en\/wp-json\/wp\/v2\/tags?post=1658"}],"curies":[{"name":"wp","href":"https:\/\/api.w.org\/{rel}","templated":true}]}}