{"id":1655,"date":"2022-07-22T12:36:52","date_gmt":"2022-07-22T12:36:52","guid":{"rendered":"https:\/\/coelner-zimmer.de\/?p=1655"},"modified":"2023-02-28T10:41:07","modified_gmt":"2023-02-28T10:41:07","slug":"together-a-lesson-with-penck","status":"publish","type":"post","link":"https:\/\/coelner-zimmer.de\/en\/together-a-lesson-with-penck\/","title":{"rendered":"TOGETHER \/ A LESSON WITH PENCK!"},"content":{"rendered":"<p>TOGETHER \/ A LESSON WITH PENCK!<\/p>\n<p>Thurs.-Fri. 2-7p.m | Sat. 2-6p.m<\/p>\n<p>29.07. &#8211; 18.09.2022<\/p>\n<p>Finissage Sun. 18.9 | 3 p.m<\/p>\n<p><img fetchpriority=\"high\" decoding=\"async\" class=\"alignnone size-medium wp-image-1641\" src=\"https:\/\/coelner-zimmer.de\/wp-content\/uploads\/2022\/07\/Karte-_CZ_Penck_Screen_neu-1-300x213.jpg\" alt=\"\" width=\"300\" height=\"213\" srcset=\"https:\/\/coelner-zimmer.de\/wp-content\/uploads\/2022\/07\/Karte-_CZ_Penck_Screen_neu-1-300x213.jpg 300w, https:\/\/coelner-zimmer.de\/wp-content\/uploads\/2022\/07\/Karte-_CZ_Penck_Screen_neu-1-1024x726.jpg 1024w, https:\/\/coelner-zimmer.de\/wp-content\/uploads\/2022\/07\/Karte-_CZ_Penck_Screen_neu-1-768x545.jpg 768w, https:\/\/coelner-zimmer.de\/wp-content\/uploads\/2022\/07\/Karte-_CZ_Penck_Screen_neu-1-1536x1090.jpg 1536w, https:\/\/coelner-zimmer.de\/wp-content\/uploads\/2022\/07\/Karte-_CZ_Penck_Screen_neu-1-16x12.jpg 16w, https:\/\/coelner-zimmer.de\/wp-content\/uploads\/2022\/07\/Karte-_CZ_Penck_Screen_neu-1.jpg 1748w\" sizes=\"(max-width: 300px) 100vw, 300px\" \/><\/p>\n<p>&nbsp;<\/p>\n<p><img decoding=\"async\" class=\"alignnone size-medium wp-image-1712\" src=\"https:\/\/coelner-zimmer.de\/wp-content\/uploads\/2022\/08\/2O5A9472-300x196.jpg\" alt=\"\" width=\"300\" height=\"196\" srcset=\"https:\/\/coelner-zimmer.de\/wp-content\/uploads\/2022\/08\/2O5A9472-300x196.jpg 300w, https:\/\/coelner-zimmer.de\/wp-content\/uploads\/2022\/08\/2O5A9472-1024x671.jpg 1024w, https:\/\/coelner-zimmer.de\/wp-content\/uploads\/2022\/08\/2O5A9472-768x503.jpg 768w, https:\/\/coelner-zimmer.de\/wp-content\/uploads\/2022\/08\/2O5A9472-1536x1006.jpg 1536w, https:\/\/coelner-zimmer.de\/wp-content\/uploads\/2022\/08\/2O5A9472-16x10.jpg 16w, https:\/\/coelner-zimmer.de\/wp-content\/uploads\/2022\/08\/2O5A9472.jpg 2048w\" sizes=\"(max-width: 300px) 100vw, 300px\" \/><img decoding=\"async\" class=\"alignnone size-medium wp-image-1711\" src=\"https:\/\/coelner-zimmer.de\/wp-content\/uploads\/2022\/08\/2O5A9460-300x200.jpg\" alt=\"\" width=\"300\" height=\"200\" srcset=\"https:\/\/coelner-zimmer.de\/wp-content\/uploads\/2022\/08\/2O5A9460-300x200.jpg 300w, https:\/\/coelner-zimmer.de\/wp-content\/uploads\/2022\/08\/2O5A9460-1024x683.jpg 1024w, https:\/\/coelner-zimmer.de\/wp-content\/uploads\/2022\/08\/2O5A9460-768x512.jpg 768w, https:\/\/coelner-zimmer.de\/wp-content\/uploads\/2022\/08\/2O5A9460-1536x1024.jpg 1536w, https:\/\/coelner-zimmer.de\/wp-content\/uploads\/2022\/08\/2O5A9460-16x12.jpg 16w, https:\/\/coelner-zimmer.de\/wp-content\/uploads\/2022\/08\/2O5A9460.jpg 2048w\" sizes=\"(max-width: 300px) 100vw, 300px\" \/><img loading=\"lazy\" decoding=\"async\" class=\"alignnone size-medium wp-image-1710\" src=\"https:\/\/coelner-zimmer.de\/wp-content\/uploads\/2022\/08\/2O5A9452-300x200.jpg\" alt=\"\" width=\"300\" height=\"200\" srcset=\"https:\/\/coelner-zimmer.de\/wp-content\/uploads\/2022\/08\/2O5A9452-300x200.jpg 300w, https:\/\/coelner-zimmer.de\/wp-content\/uploads\/2022\/08\/2O5A9452-1024x683.jpg 1024w, https:\/\/coelner-zimmer.de\/wp-content\/uploads\/2022\/08\/2O5A9452-768x512.jpg 768w, https:\/\/coelner-zimmer.de\/wp-content\/uploads\/2022\/08\/2O5A9452-1536x1024.jpg 1536w, https:\/\/coelner-zimmer.de\/wp-content\/uploads\/2022\/08\/2O5A9452-16x12.jpg 16w, https:\/\/coelner-zimmer.de\/wp-content\/uploads\/2022\/08\/2O5A9452.jpg 2048w\" sizes=\"(max-width: 300px) 100vw, 300px\" \/><img loading=\"lazy\" decoding=\"async\" class=\"alignnone size-medium wp-image-1709\" src=\"https:\/\/coelner-zimmer.de\/wp-content\/uploads\/2022\/08\/2O5A9449-300x200.jpg\" alt=\"\" width=\"300\" height=\"200\" srcset=\"https:\/\/coelner-zimmer.de\/wp-content\/uploads\/2022\/08\/2O5A9449-300x200.jpg 300w, https:\/\/coelner-zimmer.de\/wp-content\/uploads\/2022\/08\/2O5A9449-1024x683.jpg 1024w, https:\/\/coelner-zimmer.de\/wp-content\/uploads\/2022\/08\/2O5A9449-768x512.jpg 768w, https:\/\/coelner-zimmer.de\/wp-content\/uploads\/2022\/08\/2O5A9449-1536x1024.jpg 1536w, https:\/\/coelner-zimmer.de\/wp-content\/uploads\/2022\/08\/2O5A9449-16x12.jpg 16w, https:\/\/coelner-zimmer.de\/wp-content\/uploads\/2022\/08\/2O5A9449.jpg 2048w\" sizes=\"(max-width: 300px) 100vw, 300px\" \/><img loading=\"lazy\" decoding=\"async\" class=\"alignnone size-medium wp-image-1708\" src=\"https:\/\/coelner-zimmer.de\/wp-content\/uploads\/2022\/08\/2O5A9446-300x200.jpg\" alt=\"\" width=\"300\" height=\"200\" srcset=\"https:\/\/coelner-zimmer.de\/wp-content\/uploads\/2022\/08\/2O5A9446-300x200.jpg 300w, https:\/\/coelner-zimmer.de\/wp-content\/uploads\/2022\/08\/2O5A9446-1024x683.jpg 1024w, https:\/\/coelner-zimmer.de\/wp-content\/uploads\/2022\/08\/2O5A9446-768x512.jpg 768w, https:\/\/coelner-zimmer.de\/wp-content\/uploads\/2022\/08\/2O5A9446-1536x1024.jpg 1536w, https:\/\/coelner-zimmer.de\/wp-content\/uploads\/2022\/08\/2O5A9446-16x12.jpg 16w, https:\/\/coelner-zimmer.de\/wp-content\/uploads\/2022\/08\/2O5A9446.jpg 2048w\" sizes=\"(max-width: 300px) 100vw, 300px\" \/><img loading=\"lazy\" decoding=\"async\" class=\"alignnone size-medium wp-image-1705\" src=\"https:\/\/coelner-zimmer.de\/wp-content\/uploads\/2022\/08\/2O5A9441-300x200.jpg\" alt=\"\" width=\"300\" height=\"200\" srcset=\"https:\/\/coelner-zimmer.de\/wp-content\/uploads\/2022\/08\/2O5A9441-300x200.jpg 300w, https:\/\/coelner-zimmer.de\/wp-content\/uploads\/2022\/08\/2O5A9441-1024x683.jpg 1024w, https:\/\/coelner-zimmer.de\/wp-content\/uploads\/2022\/08\/2O5A9441-768x512.jpg 768w, https:\/\/coelner-zimmer.de\/wp-content\/uploads\/2022\/08\/2O5A9441-1536x1024.jpg 1536w, https:\/\/coelner-zimmer.de\/wp-content\/uploads\/2022\/08\/2O5A9441-16x12.jpg 16w, https:\/\/coelner-zimmer.de\/wp-content\/uploads\/2022\/08\/2O5A9441.jpg 2048w\" sizes=\"(max-width: 300px) 100vw, 300px\" \/><\/p>\n<p><img loading=\"lazy\" decoding=\"async\" class=\"alignnone size-medium wp-image-1707\" src=\"https:\/\/coelner-zimmer.de\/wp-content\/uploads\/2022\/08\/2O5A9445-300x200.jpg\" alt=\"\" width=\"300\" height=\"200\" srcset=\"https:\/\/coelner-zimmer.de\/wp-content\/uploads\/2022\/08\/2O5A9445-300x200.jpg 300w, https:\/\/coelner-zimmer.de\/wp-content\/uploads\/2022\/08\/2O5A9445-1024x683.jpg 1024w, https:\/\/coelner-zimmer.de\/wp-content\/uploads\/2022\/08\/2O5A9445-768x512.jpg 768w, https:\/\/coelner-zimmer.de\/wp-content\/uploads\/2022\/08\/2O5A9445-1536x1024.jpg 1536w, https:\/\/coelner-zimmer.de\/wp-content\/uploads\/2022\/08\/2O5A9445-16x12.jpg 16w, https:\/\/coelner-zimmer.de\/wp-content\/uploads\/2022\/08\/2O5A9445.jpg 2048w\" sizes=\"(max-width: 300px) 100vw, 300px\" \/><img loading=\"lazy\" decoding=\"async\" class=\"alignnone size-medium wp-image-1706\" src=\"https:\/\/coelner-zimmer.de\/wp-content\/uploads\/2022\/08\/2O5A9442-300x191.jpg\" alt=\"\" width=\"300\" height=\"191\" srcset=\"https:\/\/coelner-zimmer.de\/wp-content\/uploads\/2022\/08\/2O5A9442-300x191.jpg 300w, https:\/\/coelner-zimmer.de\/wp-content\/uploads\/2022\/08\/2O5A9442-1024x653.jpg 1024w, https:\/\/coelner-zimmer.de\/wp-content\/uploads\/2022\/08\/2O5A9442-768x489.jpg 768w, https:\/\/coelner-zimmer.de\/wp-content\/uploads\/2022\/08\/2O5A9442-1536x979.jpg 1536w, https:\/\/coelner-zimmer.de\/wp-content\/uploads\/2022\/08\/2O5A9442-16x10.jpg 16w, https:\/\/coelner-zimmer.de\/wp-content\/uploads\/2022\/08\/2O5A9442.jpg 2048w\" sizes=\"(max-width: 300px) 100vw, 300px\" \/><img loading=\"lazy\" decoding=\"async\" class=\"alignnone size-medium wp-image-1704\" src=\"https:\/\/coelner-zimmer.de\/wp-content\/uploads\/2022\/08\/2O5A9438-300x200.jpg\" alt=\"\" width=\"300\" height=\"200\" srcset=\"https:\/\/coelner-zimmer.de\/wp-content\/uploads\/2022\/08\/2O5A9438-300x200.jpg 300w, https:\/\/coelner-zimmer.de\/wp-content\/uploads\/2022\/08\/2O5A9438-1024x683.jpg 1024w, https:\/\/coelner-zimmer.de\/wp-content\/uploads\/2022\/08\/2O5A9438-768x512.jpg 768w, https:\/\/coelner-zimmer.de\/wp-content\/uploads\/2022\/08\/2O5A9438-1536x1024.jpg 1536w, https:\/\/coelner-zimmer.de\/wp-content\/uploads\/2022\/08\/2O5A9438-16x12.jpg 16w, https:\/\/coelner-zimmer.de\/wp-content\/uploads\/2022\/08\/2O5A9438.jpg 2048w\" sizes=\"(max-width: 300px) 100vw, 300px\" \/><\/p>\n<p><img loading=\"lazy\" decoding=\"async\" class=\"alignnone size-medium wp-image-1717\" src=\"https:\/\/coelner-zimmer.de\/wp-content\/uploads\/2022\/08\/Panorama4-300x292.jpg\" alt=\"\" width=\"300\" height=\"292\" srcset=\"https:\/\/coelner-zimmer.de\/wp-content\/uploads\/2022\/08\/Panorama4-300x292.jpg 300w, https:\/\/coelner-zimmer.de\/wp-content\/uploads\/2022\/08\/Panorama4-1024x998.jpg 1024w, https:\/\/coelner-zimmer.de\/wp-content\/uploads\/2022\/08\/Panorama4-768x748.jpg 768w, https:\/\/coelner-zimmer.de\/wp-content\/uploads\/2022\/08\/Panorama4-1536x1496.jpg 1536w, https:\/\/coelner-zimmer.de\/wp-content\/uploads\/2022\/08\/Panorama4-12x12.jpg 12w, https:\/\/coelner-zimmer.de\/wp-content\/uploads\/2022\/08\/Panorama4.jpg 1744w\" sizes=\"(max-width: 300px) 100vw, 300px\" \/><img loading=\"lazy\" decoding=\"async\" class=\"alignnone size-medium wp-image-1716\" src=\"https:\/\/coelner-zimmer.de\/wp-content\/uploads\/2022\/08\/Panorama3-300x256.jpg\" alt=\"\" width=\"300\" height=\"256\" srcset=\"https:\/\/coelner-zimmer.de\/wp-content\/uploads\/2022\/08\/Panorama3-300x256.jpg 300w, https:\/\/coelner-zimmer.de\/wp-content\/uploads\/2022\/08\/Panorama3-1024x873.jpg 1024w, https:\/\/coelner-zimmer.de\/wp-content\/uploads\/2022\/08\/Panorama3-768x654.jpg 768w, https:\/\/coelner-zimmer.de\/wp-content\/uploads\/2022\/08\/Panorama3-1536x1309.jpg 1536w, https:\/\/coelner-zimmer.de\/wp-content\/uploads\/2022\/08\/Panorama3-14x12.jpg 14w, https:\/\/coelner-zimmer.de\/wp-content\/uploads\/2022\/08\/Panorama3.jpg 2048w\" sizes=\"(max-width: 300px) 100vw, 300px\" \/><img loading=\"lazy\" decoding=\"async\" class=\"alignnone size-medium wp-image-1715\" src=\"https:\/\/coelner-zimmer.de\/wp-content\/uploads\/2022\/08\/Panorama-2-300x269.jpg\" alt=\"\" width=\"300\" height=\"269\" srcset=\"https:\/\/coelner-zimmer.de\/wp-content\/uploads\/2022\/08\/Panorama-2-300x269.jpg 300w, https:\/\/coelner-zimmer.de\/wp-content\/uploads\/2022\/08\/Panorama-2-1024x920.jpg 1024w, https:\/\/coelner-zimmer.de\/wp-content\/uploads\/2022\/08\/Panorama-2-768x690.jpg 768w, https:\/\/coelner-zimmer.de\/wp-content\/uploads\/2022\/08\/Panorama-2-1536x1379.jpg 1536w, https:\/\/coelner-zimmer.de\/wp-content\/uploads\/2022\/08\/Panorama-2-13x12.jpg 13w, https:\/\/coelner-zimmer.de\/wp-content\/uploads\/2022\/08\/Panorama-2.jpg 2048w\" sizes=\"(max-width: 300px) 100vw, 300px\" \/><img loading=\"lazy\" decoding=\"async\" class=\"alignnone size-medium wp-image-1713\" src=\"https:\/\/coelner-zimmer.de\/wp-content\/uploads\/2022\/08\/2O5A9473-300x222.jpg\" alt=\"\" width=\"300\" height=\"222\" srcset=\"https:\/\/coelner-zimmer.de\/wp-content\/uploads\/2022\/08\/2O5A9473-300x222.jpg 300w, https:\/\/coelner-zimmer.de\/wp-content\/uploads\/2022\/08\/2O5A9473-1024x757.jpg 1024w, https:\/\/coelner-zimmer.de\/wp-content\/uploads\/2022\/08\/2O5A9473-768x567.jpg 768w, https:\/\/coelner-zimmer.de\/wp-content\/uploads\/2022\/08\/2O5A9473-1536x1135.jpg 1536w, https:\/\/coelner-zimmer.de\/wp-content\/uploads\/2022\/08\/2O5A9473-16x12.jpg 16w, https:\/\/coelner-zimmer.de\/wp-content\/uploads\/2022\/08\/2O5A9473.jpg 2048w\" sizes=\"(max-width: 300px) 100vw, 300px\" \/><\/p>\n<p><img loading=\"lazy\" decoding=\"async\" class=\"alignnone size-medium wp-image-1714\" src=\"https:\/\/coelner-zimmer.de\/wp-content\/uploads\/2022\/08\/Panorama1-300x172.jpg\" alt=\"\" width=\"300\" height=\"172\" srcset=\"https:\/\/coelner-zimmer.de\/wp-content\/uploads\/2022\/08\/Panorama1-300x172.jpg 300w, https:\/\/coelner-zimmer.de\/wp-content\/uploads\/2022\/08\/Panorama1-1024x586.jpg 1024w, https:\/\/coelner-zimmer.de\/wp-content\/uploads\/2022\/08\/Panorama1-768x440.jpg 768w, https:\/\/coelner-zimmer.de\/wp-content\/uploads\/2022\/08\/Panorama1-1536x879.jpg 1536w, https:\/\/coelner-zimmer.de\/wp-content\/uploads\/2022\/08\/Panorama1-16x9.jpg 16w, https:\/\/coelner-zimmer.de\/wp-content\/uploads\/2022\/08\/Panorama1.jpg 2048w\" sizes=\"(max-width: 300px) 100vw, 300px\" \/><img loading=\"lazy\" decoding=\"async\" class=\"alignnone size-medium wp-image-1703\" src=\"https:\/\/coelner-zimmer.de\/wp-content\/uploads\/2022\/08\/2O5A9432-300x200.jpg\" alt=\"\" width=\"300\" height=\"200\" srcset=\"https:\/\/coelner-zimmer.de\/wp-content\/uploads\/2022\/08\/2O5A9432-300x200.jpg 300w, https:\/\/coelner-zimmer.de\/wp-content\/uploads\/2022\/08\/2O5A9432-1024x683.jpg 1024w, https:\/\/coelner-zimmer.de\/wp-content\/uploads\/2022\/08\/2O5A9432-768x512.jpg 768w, https:\/\/coelner-zimmer.de\/wp-content\/uploads\/2022\/08\/2O5A9432-1536x1024.jpg 1536w, https:\/\/coelner-zimmer.de\/wp-content\/uploads\/2022\/08\/2O5A9432-16x12.jpg 16w, https:\/\/coelner-zimmer.de\/wp-content\/uploads\/2022\/08\/2O5A9432.jpg 2048w\" sizes=\"(max-width: 300px) 100vw, 300px\" \/><img loading=\"lazy\" decoding=\"async\" class=\"alignnone size-medium wp-image-1699\" src=\"https:\/\/coelner-zimmer.de\/wp-content\/uploads\/2022\/08\/2O5A9426-300x200.jpg\" alt=\"\" width=\"300\" height=\"200\" srcset=\"https:\/\/coelner-zimmer.de\/wp-content\/uploads\/2022\/08\/2O5A9426-300x200.jpg 300w, https:\/\/coelner-zimmer.de\/wp-content\/uploads\/2022\/08\/2O5A9426-1024x683.jpg 1024w, https:\/\/coelner-zimmer.de\/wp-content\/uploads\/2022\/08\/2O5A9426-768x512.jpg 768w, https:\/\/coelner-zimmer.de\/wp-content\/uploads\/2022\/08\/2O5A9426-1536x1024.jpg 1536w, https:\/\/coelner-zimmer.de\/wp-content\/uploads\/2022\/08\/2O5A9426-16x12.jpg 16w, https:\/\/coelner-zimmer.de\/wp-content\/uploads\/2022\/08\/2O5A9426.jpg 2048w\" sizes=\"(max-width: 300px) 100vw, 300px\" \/><\/p>\n<p><img loading=\"lazy\" decoding=\"async\" class=\"alignnone size-medium wp-image-1701\" src=\"https:\/\/coelner-zimmer.de\/wp-content\/uploads\/2022\/08\/2O5A9428-300x165.jpg\" alt=\"\" width=\"300\" height=\"165\" srcset=\"https:\/\/coelner-zimmer.de\/wp-content\/uploads\/2022\/08\/2O5A9428-300x165.jpg 300w, https:\/\/coelner-zimmer.de\/wp-content\/uploads\/2022\/08\/2O5A9428-1024x562.jpg 1024w, https:\/\/coelner-zimmer.de\/wp-content\/uploads\/2022\/08\/2O5A9428-768x422.jpg 768w, https:\/\/coelner-zimmer.de\/wp-content\/uploads\/2022\/08\/2O5A9428-1536x843.jpg 1536w, https:\/\/coelner-zimmer.de\/wp-content\/uploads\/2022\/08\/2O5A9428-16x9.jpg 16w, https:\/\/coelner-zimmer.de\/wp-content\/uploads\/2022\/08\/2O5A9428.jpg 2048w\" sizes=\"(max-width: 300px) 100vw, 300px\" \/><img loading=\"lazy\" decoding=\"async\" class=\"alignnone size-medium wp-image-1700\" src=\"https:\/\/coelner-zimmer.de\/wp-content\/uploads\/2022\/08\/2O5A9427-300x200.jpg\" alt=\"\" width=\"300\" height=\"200\" srcset=\"https:\/\/coelner-zimmer.de\/wp-content\/uploads\/2022\/08\/2O5A9427-300x200.jpg 300w, https:\/\/coelner-zimmer.de\/wp-content\/uploads\/2022\/08\/2O5A9427-1024x683.jpg 1024w, https:\/\/coelner-zimmer.de\/wp-content\/uploads\/2022\/08\/2O5A9427-768x512.jpg 768w, https:\/\/coelner-zimmer.de\/wp-content\/uploads\/2022\/08\/2O5A9427-1536x1024.jpg 1536w, https:\/\/coelner-zimmer.de\/wp-content\/uploads\/2022\/08\/2O5A9427-16x12.jpg 16w, https:\/\/coelner-zimmer.de\/wp-content\/uploads\/2022\/08\/2O5A9427.jpg 2048w\" sizes=\"(max-width: 300px) 100vw, 300px\" \/><img loading=\"lazy\" decoding=\"async\" class=\"alignnone size-medium wp-image-1698\" src=\"https:\/\/coelner-zimmer.de\/wp-content\/uploads\/2022\/08\/2O5A9425-300x210.jpg\" alt=\"\" width=\"300\" height=\"210\" srcset=\"https:\/\/coelner-zimmer.de\/wp-content\/uploads\/2022\/08\/2O5A9425-300x210.jpg 300w, https:\/\/coelner-zimmer.de\/wp-content\/uploads\/2022\/08\/2O5A9425-1024x719.jpg 1024w, https:\/\/coelner-zimmer.de\/wp-content\/uploads\/2022\/08\/2O5A9425-768x539.jpg 768w, https:\/\/coelner-zimmer.de\/wp-content\/uploads\/2022\/08\/2O5A9425-1536x1078.jpg 1536w, https:\/\/coelner-zimmer.de\/wp-content\/uploads\/2022\/08\/2O5A9425-16x12.jpg 16w, https:\/\/coelner-zimmer.de\/wp-content\/uploads\/2022\/08\/2O5A9425.jpg 2048w\" sizes=\"(max-width: 300px) 100vw, 300px\" \/><\/p>","protected":false},"excerpt":{"rendered":"<p>TOGETHER \/ A LESSON WITH PENCK! \u00d6ffnungszeiten. Do &#8211; Fr 14-19h | Sa 14-18h 29.07. &#8211; 18.09.2022 Finissage So. 18.9 | 15h &nbsp;<\/p>","protected":false},"author":5,"featured_media":1974,"comment_status":"closed","ping_status":"closed","sticky":false,"template":"","format":"standard","meta":{"footnotes":""},"categories":[1],"tags":[],"class_list":["post-1655","post","type-post","status-publish","format-standard","has-post-thumbnail","hentry","category-uncategorized"],"yoast_head":"<!-- This site is optimized with the Yoast SEO plugin v26.9 - https:\/\/yoast.com\/product\/yoast-seo-wordpress\/ -->\n<title>TOGETHER \/ A LESSON WITH PENCK! | coelner zimmer<\/title>\n<meta name=\"description\" content=\"Kunstgalerie f\u00fcr Zeitgen\u00f6ssische Kunst in D\u00fcsseldorf\" \/>\n<meta name=\"robots\" content=\"index, follow, max-snippet:-1, max-image-preview:large, max-video-preview:-1\" \/>\n<link rel=\"canonical\" href=\"https:\/\/coelner-zimmer.de\/en\/together-a-lesson-with-penck\/\" \/>\n<meta property=\"og:locale\" content=\"en_US\" \/>\n<meta property=\"og:type\" content=\"article\" \/>\n<meta property=\"og:title\" content=\"TOGETHER \/ A LESSON WITH PENCK! | coelner zimmer\" \/>\n<meta property=\"og:description\" content=\"Kunstgalerie f\u00fcr Zeitgen\u00f6ssische Kunst in D\u00fcsseldorf\" \/>\n<meta property=\"og:url\" content=\"https:\/\/coelner-zimmer.de\/en\/together-a-lesson-with-penck\/\" \/>\n<meta property=\"og:site_name\" content=\"coelner zimmer\" \/>\n<meta property=\"article:publisher\" content=\"https:\/\/www.facebook.com\/coelner.zimmer\" \/>\n<meta property=\"article:published_time\" content=\"2022-07-22T12:36:52+00:00\" \/>\n<meta property=\"article:modified_time\" content=\"2023-02-28T10:41:07+00:00\" \/>\n<meta property=\"og:image\" content=\"https:\/\/coelner-zimmer.de\/wp-content\/uploads\/2022\/07\/Vorschaubild_A6Karte_CZ-_penck_RZ-Vorderseite.jpg\" \/>\n\t<meta property=\"og:image:width\" content=\"1772\" \/>\n\t<meta property=\"og:image:height\" content=\"1264\" \/>\n\t<meta property=\"og:image:type\" content=\"image\/jpeg\" \/>\n<meta name=\"author\" content=\"RainerRehfeld\" \/>\n<meta name=\"twitter:card\" content=\"summary_large_image\" \/>\n<meta name=\"twitter:label1\" content=\"Written by\" \/>\n\t<meta name=\"twitter:data1\" content=\"RainerRehfeld\" \/>\n\t<meta name=\"twitter:label2\" content=\"Est. reading time\" \/>\n\t<meta name=\"twitter:data2\" content=\"5 minutes\" \/>\n<script type=\"application\/ld+json\" class=\"yoast-schema-graph\">{\"@context\":\"https:\/\/schema.org\",\"@graph\":[{\"@type\":\"Article\",\"@id\":\"https:\/\/coelner-zimmer.de\/together-a-lesson-with-penck\/#article\",\"isPartOf\":{\"@id\":\"https:\/\/coelner-zimmer.de\/together-a-lesson-with-penck\/\"},\"author\":{\"name\":\"RainerRehfeld\",\"@id\":\"https:\/\/coelner-zimmer.de\/#\/schema\/person\/35b352cb0ab6823f2be6a101caf53114\"},\"headline\":\"TOGETHER \/ A LESSON WITH PENCK!\",\"datePublished\":\"2022-07-22T12:36:52+00:00\",\"dateModified\":\"2023-02-28T10:41:07+00:00\",\"mainEntityOfPage\":{\"@id\":\"https:\/\/coelner-zimmer.de\/together-a-lesson-with-penck\/\"},\"wordCount\":24,\"publisher\":{\"@id\":\"https:\/\/coelner-zimmer.de\/#organization\"},\"image\":{\"@id\":\"https:\/\/coelner-zimmer.de\/together-a-lesson-with-penck\/#primaryimage\"},\"thumbnailUrl\":\"https:\/\/coelner-zimmer.de\/wp-content\/uploads\/2022\/07\/Vorschaubild_A6Karte_CZ-_penck_RZ-Vorderseite.jpg\",\"inLanguage\":\"en-US\"},{\"@type\":\"WebPage\",\"@id\":\"https:\/\/coelner-zimmer.de\/together-a-lesson-with-penck\/\",\"url\":\"https:\/\/coelner-zimmer.de\/together-a-lesson-with-penck\/\",\"name\":\"TOGETHER \/ A LESSON WITH PENCK! | coelner zimmer\",\"isPartOf\":{\"@id\":\"https:\/\/coelner-zimmer.de\/#website\"},\"primaryImageOfPage\":{\"@id\":\"https:\/\/coelner-zimmer.de\/together-a-lesson-with-penck\/#primaryimage\"},\"image\":{\"@id\":\"https:\/\/coelner-zimmer.de\/together-a-lesson-with-penck\/#primaryimage\"},\"thumbnailUrl\":\"https:\/\/coelner-zimmer.de\/wp-content\/uploads\/2022\/07\/Vorschaubild_A6Karte_CZ-_penck_RZ-Vorderseite.jpg\",\"datePublished\":\"2022-07-22T12:36:52+00:00\",\"dateModified\":\"2023-02-28T10:41:07+00:00\",\"description\":\"Kunstgalerie f\u00fcr Zeitgen\u00f6ssische Kunst in D\u00fcsseldorf\",\"breadcrumb\":{\"@id\":\"https:\/\/coelner-zimmer.de\/together-a-lesson-with-penck\/#breadcrumb\"},\"inLanguage\":\"en-US\",\"potentialAction\":[{\"@type\":\"ReadAction\",\"target\":[\"https:\/\/coelner-zimmer.de\/together-a-lesson-with-penck\/\"]}]},{\"@type\":\"ImageObject\",\"inLanguage\":\"en-US\",\"@id\":\"https:\/\/coelner-zimmer.de\/together-a-lesson-with-penck\/#primaryimage\",\"url\":\"https:\/\/coelner-zimmer.de\/wp-content\/uploads\/2022\/07\/Vorschaubild_A6Karte_CZ-_penck_RZ-Vorderseite.jpg\",\"contentUrl\":\"https:\/\/coelner-zimmer.de\/wp-content\/uploads\/2022\/07\/Vorschaubild_A6Karte_CZ-_penck_RZ-Vorderseite.jpg\",\"width\":1772,\"height\":1264},{\"@type\":\"BreadcrumbList\",\"@id\":\"https:\/\/coelner-zimmer.de\/together-a-lesson-with-penck\/#breadcrumb\",\"itemListElement\":[{\"@type\":\"ListItem\",\"position\":1,\"name\":\"Startseite\",\"item\":\"https:\/\/coelner-zimmer.de\/\"},{\"@type\":\"ListItem\",\"position\":2,\"name\":\"TOGETHER \/ A LESSON WITH PENCK!\"}]},{\"@type\":\"WebSite\",\"@id\":\"https:\/\/coelner-zimmer.de\/#website\",\"url\":\"https:\/\/coelner-zimmer.de\/\",\"name\":\"coelner zimmer\",\"description\":\"shows &amp; exhibitions\",\"publisher\":{\"@id\":\"https:\/\/coelner-zimmer.de\/#organization\"},\"potentialAction\":[{\"@type\":\"SearchAction\",\"target\":{\"@type\":\"EntryPoint\",\"urlTemplate\":\"https:\/\/coelner-zimmer.de\/?s={search_term_string}\"},\"query-input\":{\"@type\":\"PropertyValueSpecification\",\"valueRequired\":true,\"valueName\":\"search_term_string\"}}],\"inLanguage\":\"en-US\"},{\"@type\":\"Organization\",\"@id\":\"https:\/\/coelner-zimmer.de\/#organization\",\"name\":\"Coelner Zimmer\",\"url\":\"https:\/\/coelner-zimmer.de\/\",\"logo\":{\"@type\":\"ImageObject\",\"inLanguage\":\"en-US\",\"@id\":\"https:\/\/coelner-zimmer.de\/#\/schema\/logo\/image\/\",\"url\":\"https:\/\/coelner-zimmer.de\/wp-content\/uploads\/2021\/05\/Coelner-Zimmer_logo.png\",\"contentUrl\":\"https:\/\/coelner-zimmer.de\/wp-content\/uploads\/2021\/05\/Coelner-Zimmer_logo.png\",\"width\":1000,\"height\":98,\"caption\":\"Coelner Zimmer\"},\"image\":{\"@id\":\"https:\/\/coelner-zimmer.de\/#\/schema\/logo\/image\/\"},\"sameAs\":[\"https:\/\/www.facebook.com\/coelner.zimmer\",\"https:\/\/www.instagram.com\/coelner_zimmer\/\"]},{\"@type\":\"Person\",\"@id\":\"https:\/\/coelner-zimmer.de\/#\/schema\/person\/35b352cb0ab6823f2be6a101caf53114\",\"name\":\"RainerRehfeld\",\"url\":\"https:\/\/coelner-zimmer.de\/en\/author\/rainerrehfeld\/\"}]}<\/script>\n<!-- \/ Yoast SEO plugin. -->","yoast_head_json":{"title":"TOGETHER \/ A LESSON WITH PENCK! | coelner zimmer","description":"Kunstgalerie f\u00fcr Zeitgen\u00f6ssische Kunst in D\u00fcsseldorf","robots":{"index":"index","follow":"follow","max-snippet":"max-snippet:-1","max-image-preview":"max-image-preview:large","max-video-preview":"max-video-preview:-1"},"canonical":"https:\/\/coelner-zimmer.de\/en\/together-a-lesson-with-penck\/","og_locale":"en_US","og_type":"article","og_title":"TOGETHER \/ A LESSON WITH PENCK! | coelner zimmer","og_description":"Kunstgalerie f\u00fcr Zeitgen\u00f6ssische Kunst in D\u00fcsseldorf","og_url":"https:\/\/coelner-zimmer.de\/en\/together-a-lesson-with-penck\/","og_site_name":"coelner zimmer","article_publisher":"https:\/\/www.facebook.com\/coelner.zimmer","article_published_time":"2022-07-22T12:36:52+00:00","article_modified_time":"2023-02-28T10:41:07+00:00","og_image":[{"width":1772,"height":1264,"url":"https:\/\/coelner-zimmer.de\/wp-content\/uploads\/2022\/07\/Vorschaubild_A6Karte_CZ-_penck_RZ-Vorderseite.jpg","type":"image\/jpeg"}],"author":"RainerRehfeld","twitter_card":"summary_large_image","twitter_misc":{"Written by":"RainerRehfeld","Est. reading time":"5 minutes"},"schema":{"@context":"https:\/\/schema.org","@graph":[{"@type":"Article","@id":"https:\/\/coelner-zimmer.de\/together-a-lesson-with-penck\/#article","isPartOf":{"@id":"https:\/\/coelner-zimmer.de\/together-a-lesson-with-penck\/"},"author":{"name":"RainerRehfeld","@id":"https:\/\/coelner-zimmer.de\/#\/schema\/person\/35b352cb0ab6823f2be6a101caf53114"},"headline":"TOGETHER \/ A LESSON WITH PENCK!","datePublished":"2022-07-22T12:36:52+00:00","dateModified":"2023-02-28T10:41:07+00:00","mainEntityOfPage":{"@id":"https:\/\/coelner-zimmer.de\/together-a-lesson-with-penck\/"},"wordCount":24,"publisher":{"@id":"https:\/\/coelner-zimmer.de\/#organization"},"image":{"@id":"https:\/\/coelner-zimmer.de\/together-a-lesson-with-penck\/#primaryimage"},"thumbnailUrl":"https:\/\/coelner-zimmer.de\/wp-content\/uploads\/2022\/07\/Vorschaubild_A6Karte_CZ-_penck_RZ-Vorderseite.jpg","inLanguage":"en-US"},{"@type":"WebPage","@id":"https:\/\/coelner-zimmer.de\/together-a-lesson-with-penck\/","url":"https:\/\/coelner-zimmer.de\/together-a-lesson-with-penck\/","name":"TOGETHER \/ A LESSON WITH PENCK! | coelner zimmer","isPartOf":{"@id":"https:\/\/coelner-zimmer.de\/#website"},"primaryImageOfPage":{"@id":"https:\/\/coelner-zimmer.de\/together-a-lesson-with-penck\/#primaryimage"},"image":{"@id":"https:\/\/coelner-zimmer.de\/together-a-lesson-with-penck\/#primaryimage"},"thumbnailUrl":"https:\/\/coelner-zimmer.de\/wp-content\/uploads\/2022\/07\/Vorschaubild_A6Karte_CZ-_penck_RZ-Vorderseite.jpg","datePublished":"2022-07-22T12:36:52+00:00","dateModified":"2023-02-28T10:41:07+00:00","description":"Kunstgalerie f\u00fcr Zeitgen\u00f6ssische Kunst in D\u00fcsseldorf","breadcrumb":{"@id":"https:\/\/coelner-zimmer.de\/together-a-lesson-with-penck\/#breadcrumb"},"inLanguage":"en-US","potentialAction":[{"@type":"ReadAction","target":["https:\/\/coelner-zimmer.de\/together-a-lesson-with-penck\/"]}]},{"@type":"ImageObject","inLanguage":"en-US","@id":"https:\/\/coelner-zimmer.de\/together-a-lesson-with-penck\/#primaryimage","url":"https:\/\/coelner-zimmer.de\/wp-content\/uploads\/2022\/07\/Vorschaubild_A6Karte_CZ-_penck_RZ-Vorderseite.jpg","contentUrl":"https:\/\/coelner-zimmer.de\/wp-content\/uploads\/2022\/07\/Vorschaubild_A6Karte_CZ-_penck_RZ-Vorderseite.jpg","width":1772,"height":1264},{"@type":"BreadcrumbList","@id":"https:\/\/coelner-zimmer.de\/together-a-lesson-with-penck\/#breadcrumb","itemListElement":[{"@type":"ListItem","position":1,"name":"Startseite","item":"https:\/\/coelner-zimmer.de\/"},{"@type":"ListItem","position":2,"name":"TOGETHER \/ A LESSON WITH PENCK!"}]},{"@type":"WebSite","@id":"https:\/\/coelner-zimmer.de\/#website","url":"https:\/\/coelner-zimmer.de\/","name":"coelner zimmer","description":"shows &amp; exhibitions","publisher":{"@id":"https:\/\/coelner-zimmer.de\/#organization"},"potentialAction":[{"@type":"SearchAction","target":{"@type":"EntryPoint","urlTemplate":"https:\/\/coelner-zimmer.de\/?s={search_term_string}"},"query-input":{"@type":"PropertyValueSpecification","valueRequired":true,"valueName":"search_term_string"}}],"inLanguage":"en-US"},{"@type":"Organization","@id":"https:\/\/coelner-zimmer.de\/#organization","name":"Coelner Zimmer","url":"https:\/\/coelner-zimmer.de\/","logo":{"@type":"ImageObject","inLanguage":"en-US","@id":"https:\/\/coelner-zimmer.de\/#\/schema\/logo\/image\/","url":"https:\/\/coelner-zimmer.de\/wp-content\/uploads\/2021\/05\/Coelner-Zimmer_logo.png","contentUrl":"https:\/\/coelner-zimmer.de\/wp-content\/uploads\/2021\/05\/Coelner-Zimmer_logo.png","width":1000,"height":98,"caption":"Coelner Zimmer"},"image":{"@id":"https:\/\/coelner-zimmer.de\/#\/schema\/logo\/image\/"},"sameAs":["https:\/\/www.facebook.com\/coelner.zimmer","https:\/\/www.instagram.com\/coelner_zimmer\/"]},{"@type":"Person","@id":"https:\/\/coelner-zimmer.de\/#\/schema\/person\/35b352cb0ab6823f2be6a101caf53114","name":"RainerRehfeld","url":"https:\/\/coelner-zimmer.de\/en\/author\/rainerrehfeld\/"}]}},"_links":{"self":[{"href":"https:\/\/coelner-zimmer.de\/en\/wp-json\/wp\/v2\/posts\/1655","targetHints":{"allow":["GET"]}}],"collection":[{"href":"https:\/\/coelner-zimmer.de\/en\/wp-json\/wp\/v2\/posts"}],"about":[{"href":"https:\/\/coelner-zimmer.de\/en\/wp-json\/wp\/v2\/types\/post"}],"author":[{"embeddable":true,"href":"https:\/\/coelner-zimmer.de\/en\/wp-json\/wp\/v2\/users\/5"}],"replies":[{"embeddable":true,"href":"https:\/\/coelner-zimmer.de\/en\/wp-json\/wp\/v2\/comments?post=1655"}],"version-history":[{"count":10,"href":"https:\/\/coelner-zimmer.de\/en\/wp-json\/wp\/v2\/posts\/1655\/revisions"}],"predecessor-version":[{"id":1677,"href":"https:\/\/coelner-zimmer.de\/en\/wp-json\/wp\/v2\/posts\/1655\/revisions\/1677"}],"wp:featuredmedia":[{"embeddable":true,"href":"https:\/\/coelner-zimmer.de\/en\/wp-json\/wp\/v2\/media\/1974"}],"wp:attachment":[{"href":"https:\/\/coelner-zimmer.de\/en\/wp-json\/wp\/v2\/media?parent=1655"}],"wp:term":[{"taxonomy":"category","embeddable":true,"href":"https:\/\/coelner-zimmer.de\/en\/wp-json\/wp\/v2\/categories?post=1655"},{"taxonomy":"post_tag","embeddable":true,"href":"https:\/\/coelner-zimmer.de\/en\/wp-json\/wp\/v2\/tags?post=1655"}],"curies":[{"name":"wp","href":"https:\/\/api.w.org\/{rel}","templated":true}]}}